{"id":15259,"date":"2022-05-18T09:32:35","date_gmt":"2022-05-18T07:32:35","guid":{"rendered":"https:\/\/www.caoscreativo.it\/carta-da-parati-per-esterni\/"},"modified":"2025-04-03T16:23:02","modified_gmt":"2025-04-03T14:23:02","slug":"haben-sie-schon-einmal-uber-tapeten-fur-den-aussenbereich-nachgedacht","status":"publish","type":"post","link":"https:\/\/www.caoscreativo.it\/de\/haben-sie-schon-einmal-uber-tapeten-fur-den-aussenbereich-nachgedacht\/","title":{"rendered":"Haben Sie schon einmal \u00fcber Tapeten f\u00fcr den Au\u00dfenbereich nachgedacht?"},"content":{"rendered":"\n<p>Tapeten f\u00fcr den Au\u00dfenbereich verwenden? Fr\u00fcher war es vielleicht undenkbar, doch heute sind der Verwendung von Tapeten dank der innovativsten Materialien und Technologien keine Grenzen mehr gesetzt. Beispielsweise die Wahl eines Glasfasergewebes zur Verkleidung von Au\u00dfenw\u00e4nden oder Terrassen, das dank seiner besonderen Eigenschaften eine hervorragende Best\u00e4ndigkeit gegen Witterungseinfl\u00fcsse und Feuchtigkeit gew\u00e4hrleistet.<\/p>\n\n\n\n<h2 class=\"wp-block-heading\">Fiberglas: Was sind seine Eigenschaften?<\/h2>\n\n\n\n<p>Glasfasertapeten sind Stoffe, die sich durch ihre extreme Widerstandsf\u00e4higkeit auszeichnen, nicht nur gegen\u00fcber der Zeit, sondern auch gegen\u00fcber Rissen, Abrieb, Feuer und Feuchtigkeit. Genau aus diesem Grund wird es f\u00fcr die schwierigsten und komplexesten Umgebungen gew\u00e4hlt, wie etwa die Au\u00dfenw\u00e4nde eines Hauses oder die Dekoration einer K\u00fcche.<\/p>\n\n\n\n<h2 class=\"wp-block-heading\">Nicht nur Outdoor-Tapete, auch perfekt in der K\u00fcche<\/h2>\n\n\n\n<p>K\u00fcchen sind oft aufwendig zu dekorieren und Tapeten waren schon immer ein Tabu. Fiberglas l\u00f6st alle Zweifel, denn es ist ein feuerfestes und wasserdichtes Material, das allen unvorhergesehenen Ereignissen \u00e4u\u00dferst widerstandsf\u00e4hig gegen\u00fcbersteht, nicht vergilbt und lange h\u00e4lt. Es stehen so viele Muster und Farben zur Auswahl, dass f\u00fcr jeden Stil und jede K\u00fcche das Passende dabei ist.<\/p>\n","protected":false},"excerpt":{"rendered":"<p>Heutzutage sind der Verwendung von Tapeten dank Materialien und neuer Technologien keine Grenzen mehr gesetzt. Entdecken Sie unsere Tapeten f\u00fcr den Au\u00dfenbereich!<\/p>\n","protected":false},"author":1,"featured_media":15260,"comment_status":"open","ping_status":"open","sticky":false,"template":"","format":"standard","meta":{"_acf_changed":false,"footnotes":""},"categories":[198],"tags":[],"class_list":["post-15259","post","type-post","status-publish","format-standard","has-post-thumbnail","hentry","category-novita-de"],"acf":[],"yoast_head":"<!-- This site is optimized with the Yoast SEO plugin v23.9 - https:\/\/yoast.com\/wordpress\/plugins\/seo\/ -->\n<title>Haben Sie schon einmal \u00fcber Tapeten f\u00fcr den Au\u00dfenbereich nachgedacht? - Caos Creativo<\/title>\n<meta name=\"description\" content=\"Oggi l\u2019utilizzo delle carte da parati non ha pi\u00f9 limiti, complici materiali e nuove tecnologie, scopri la nostra carta da parati per esterni!\" \/>\n<meta name=\"robots\" content=\"index, follow, max-snippet:-1, max-image-preview:large, max-video-preview:-1\" \/>\n<link rel=\"canonical\" href=\"https:\/\/www.caoscreativo.it\/de\/haben-sie-schon-einmal-uber-tapeten-fur-den-aussenbereich-nachgedacht\/\" \/>\n<meta property=\"og:locale\" content=\"de_DE\" \/>\n<meta property=\"og:type\" content=\"article\" \/>\n<meta property=\"og:title\" content=\"Haben Sie schon einmal \u00fcber Tapeten f\u00fcr den Au\u00dfenbereich nachgedacht? - Caos Creativo\" \/>\n<meta property=\"og:description\" content=\"Oggi l\u2019utilizzo delle carte da parati non ha pi\u00f9 limiti, complici materiali e nuove tecnologie, scopri la nostra carta da parati per esterni!\" \/>\n<meta property=\"og:url\" content=\"https:\/\/www.caoscreativo.it\/de\/haben-sie-schon-einmal-uber-tapeten-fur-den-aussenbereich-nachgedacht\/\" \/>\n<meta property=\"og:site_name\" content=\"Caos Creativo\" \/>\n<meta property=\"article:published_time\" content=\"2022-05-18T07:32:35+00:00\" \/>\n<meta property=\"article:modified_time\" content=\"2025-04-03T14:23:02+00:00\" \/>\n<meta property=\"og:image\" content=\"https:\/\/www.caoscreativo.it\/wp-content\/uploads\/2022\/05\/carta-da-parati-fibra-di-vetro-outdoor.jpg\" \/>\n\t<meta property=\"og:image:width\" content=\"1220\" \/>\n\t<meta property=\"og:image:height\" content=\"690\" \/>\n\t<meta property=\"og:image:type\" content=\"image\/jpeg\" \/>\n<meta name=\"author\" content=\"admin-caos\" \/>\n<meta name=\"twitter:card\" content=\"summary_large_image\" \/>\n<meta name=\"twitter:label1\" content=\"Verfasst von\" \/>\n\t<meta name=\"twitter:data1\" content=\"admin-caos\" \/>\n\t<meta name=\"twitter:label2\" content=\"Gesch\u00e4tzte Lesezeit\" \/>\n\t<meta name=\"twitter:data2\" content=\"2\u00a0Minuten\" \/>\n<script type=\"application\/ld+json\" class=\"yoast-schema-graph\">{\"@context\":\"https:\/\/schema.org\",\"@graph\":[{\"@type\":\"WebPage\",\"@id\":\"https:\/\/www.caoscreativo.it\/de\/haben-sie-schon-einmal-uber-tapeten-fur-den-aussenbereich-nachgedacht\/\",\"url\":\"https:\/\/www.caoscreativo.it\/de\/haben-sie-schon-einmal-uber-tapeten-fur-den-aussenbereich-nachgedacht\/\",\"name\":\"Haben Sie schon einmal \u00fcber Tapeten f\u00fcr den Au\u00dfenbereich nachgedacht? - Caos Creativo\",\"isPartOf\":{\"@id\":\"https:\/\/www.caoscreativo.it\/de\/#website\"},\"primaryImageOfPage\":{\"@id\":\"https:\/\/www.caoscreativo.it\/de\/haben-sie-schon-einmal-uber-tapeten-fur-den-aussenbereich-nachgedacht\/#primaryimage\"},\"image\":{\"@id\":\"https:\/\/www.caoscreativo.it\/de\/haben-sie-schon-einmal-uber-tapeten-fur-den-aussenbereich-nachgedacht\/#primaryimage\"},\"thumbnailUrl\":\"https:\/\/www.caoscreativo.it\/wp-content\/uploads\/2022\/05\/carta-da-parati-fibra-di-vetro-outdoor.jpg\",\"datePublished\":\"2022-05-18T07:32:35+00:00\",\"dateModified\":\"2025-04-03T14:23:02+00:00\",\"author\":{\"@id\":\"https:\/\/www.caoscreativo.it\/de\/#\/schema\/person\/316c1d379bca8bbe44ce7082f9927048\"},\"description\":\"Oggi l\u2019utilizzo delle carte da parati non ha pi\u00f9 limiti, complici materiali e nuove tecnologie, scopri la nostra carta da parati per esterni!\",\"breadcrumb\":{\"@id\":\"https:\/\/www.caoscreativo.it\/de\/haben-sie-schon-einmal-uber-tapeten-fur-den-aussenbereich-nachgedacht\/#breadcrumb\"},\"inLanguage\":\"de\",\"potentialAction\":[{\"@type\":\"ReadAction\",\"target\":[\"https:\/\/www.caoscreativo.it\/de\/haben-sie-schon-einmal-uber-tapeten-fur-den-aussenbereich-nachgedacht\/\"]}]},{\"@type\":\"ImageObject\",\"inLanguage\":\"de\",\"@id\":\"https:\/\/www.caoscreativo.it\/de\/haben-sie-schon-einmal-uber-tapeten-fur-den-aussenbereich-nachgedacht\/#primaryimage\",\"url\":\"https:\/\/www.caoscreativo.it\/wp-content\/uploads\/2022\/05\/carta-da-parati-fibra-di-vetro-outdoor.jpg\",\"contentUrl\":\"https:\/\/www.caoscreativo.it\/wp-content\/uploads\/2022\/05\/carta-da-parati-fibra-di-vetro-outdoor.jpg\",\"width\":1220,\"height\":690},{\"@type\":\"BreadcrumbList\",\"@id\":\"https:\/\/www.caoscreativo.it\/de\/haben-sie-schon-einmal-uber-tapeten-fur-den-aussenbereich-nachgedacht\/#breadcrumb\",\"itemListElement\":[{\"@type\":\"ListItem\",\"position\":1,\"name\":\"Home\",\"item\":\"https:\/\/www.caoscreativo.it\/de\/home-2025\/\"},{\"@type\":\"ListItem\",\"position\":2,\"name\":\"Haben Sie schon einmal \u00fcber Tapeten f\u00fcr den Au\u00dfenbereich nachgedacht?\"}]},{\"@type\":\"WebSite\",\"@id\":\"https:\/\/www.caoscreativo.it\/de\/#website\",\"url\":\"https:\/\/www.caoscreativo.it\/de\/\",\"name\":\"Caos Creativo\",\"description\":\"Human design experience\",\"potentialAction\":[{\"@type\":\"SearchAction\",\"target\":{\"@type\":\"EntryPoint\",\"urlTemplate\":\"https:\/\/www.caoscreativo.it\/de\/?s={search_term_string}\"},\"query-input\":{\"@type\":\"PropertyValueSpecification\",\"valueRequired\":true,\"valueName\":\"search_term_string\"}}],\"inLanguage\":\"de\"},{\"@type\":\"Person\",\"@id\":\"https:\/\/www.caoscreativo.it\/de\/#\/schema\/person\/316c1d379bca8bbe44ce7082f9927048\",\"name\":\"admin-caos\",\"image\":{\"@type\":\"ImageObject\",\"inLanguage\":\"de\",\"@id\":\"https:\/\/www.caoscreativo.it\/de\/#\/schema\/person\/image\/\",\"url\":\"https:\/\/secure.gravatar.com\/avatar\/f47c3444a84bd213575598278418764a8adc3a860eb33e335db50542367a667c?s=96&d=mm&r=g\",\"contentUrl\":\"https:\/\/secure.gravatar.com\/avatar\/f47c3444a84bd213575598278418764a8adc3a860eb33e335db50542367a667c?s=96&d=mm&r=g\",\"caption\":\"admin-caos\"},\"sameAs\":[\"https:\/\/www.caoscreativo.it\"]}]}<\/script>\n<!-- \/ Yoast SEO plugin. -->","yoast_head_json":{"title":"Haben Sie schon einmal \u00fcber Tapeten f\u00fcr den Au\u00dfenbereich nachgedacht? - Caos Creativo","description":"Oggi l\u2019utilizzo delle carte da parati non ha pi\u00f9 limiti, complici materiali e nuove tecnologie, scopri la nostra carta da parati per esterni!","robots":{"index":"index","follow":"follow","max-snippet":"max-snippet:-1","max-image-preview":"max-image-preview:large","max-video-preview":"max-video-preview:-1"},"canonical":"https:\/\/www.caoscreativo.it\/de\/haben-sie-schon-einmal-uber-tapeten-fur-den-aussenbereich-nachgedacht\/","og_locale":"de_DE","og_type":"article","og_title":"Haben Sie schon einmal \u00fcber Tapeten f\u00fcr den Au\u00dfenbereich nachgedacht? - Caos Creativo","og_description":"Oggi l\u2019utilizzo delle carte da parati non ha pi\u00f9 limiti, complici materiali e nuove tecnologie, scopri la nostra carta da parati per esterni!","og_url":"https:\/\/www.caoscreativo.it\/de\/haben-sie-schon-einmal-uber-tapeten-fur-den-aussenbereich-nachgedacht\/","og_site_name":"Caos Creativo","article_published_time":"2022-05-18T07:32:35+00:00","article_modified_time":"2025-04-03T14:23:02+00:00","og_image":[{"width":1220,"height":690,"url":"https:\/\/www.caoscreativo.it\/wp-content\/uploads\/2022\/05\/carta-da-parati-fibra-di-vetro-outdoor.jpg","type":"image\/jpeg"}],"author":"admin-caos","twitter_card":"summary_large_image","twitter_misc":{"Verfasst von":"admin-caos","Gesch\u00e4tzte Lesezeit":"2\u00a0Minuten"},"schema":{"@context":"https:\/\/schema.org","@graph":[{"@type":"WebPage","@id":"https:\/\/www.caoscreativo.it\/de\/haben-sie-schon-einmal-uber-tapeten-fur-den-aussenbereich-nachgedacht\/","url":"https:\/\/www.caoscreativo.it\/de\/haben-sie-schon-einmal-uber-tapeten-fur-den-aussenbereich-nachgedacht\/","name":"Haben Sie schon einmal \u00fcber Tapeten f\u00fcr den Au\u00dfenbereich nachgedacht? - Caos Creativo","isPartOf":{"@id":"https:\/\/www.caoscreativo.it\/de\/#website"},"primaryImageOfPage":{"@id":"https:\/\/www.caoscreativo.it\/de\/haben-sie-schon-einmal-uber-tapeten-fur-den-aussenbereich-nachgedacht\/#primaryimage"},"image":{"@id":"https:\/\/www.caoscreativo.it\/de\/haben-sie-schon-einmal-uber-tapeten-fur-den-aussenbereich-nachgedacht\/#primaryimage"},"thumbnailUrl":"https:\/\/www.caoscreativo.it\/wp-content\/uploads\/2022\/05\/carta-da-parati-fibra-di-vetro-outdoor.jpg","datePublished":"2022-05-18T07:32:35+00:00","dateModified":"2025-04-03T14:23:02+00:00","author":{"@id":"https:\/\/www.caoscreativo.it\/de\/#\/schema\/person\/316c1d379bca8bbe44ce7082f9927048"},"description":"Oggi l\u2019utilizzo delle carte da parati non ha pi\u00f9 limiti, complici materiali e nuove tecnologie, scopri la nostra carta da parati per esterni!","breadcrumb":{"@id":"https:\/\/www.caoscreativo.it\/de\/haben-sie-schon-einmal-uber-tapeten-fur-den-aussenbereich-nachgedacht\/#breadcrumb"},"inLanguage":"de","potentialAction":[{"@type":"ReadAction","target":["https:\/\/www.caoscreativo.it\/de\/haben-sie-schon-einmal-uber-tapeten-fur-den-aussenbereich-nachgedacht\/"]}]},{"@type":"ImageObject","inLanguage":"de","@id":"https:\/\/www.caoscreativo.it\/de\/haben-sie-schon-einmal-uber-tapeten-fur-den-aussenbereich-nachgedacht\/#primaryimage","url":"https:\/\/www.caoscreativo.it\/wp-content\/uploads\/2022\/05\/carta-da-parati-fibra-di-vetro-outdoor.jpg","contentUrl":"https:\/\/www.caoscreativo.it\/wp-content\/uploads\/2022\/05\/carta-da-parati-fibra-di-vetro-outdoor.jpg","width":1220,"height":690},{"@type":"BreadcrumbList","@id":"https:\/\/www.caoscreativo.it\/de\/haben-sie-schon-einmal-uber-tapeten-fur-den-aussenbereich-nachgedacht\/#breadcrumb","itemListElement":[{"@type":"ListItem","position":1,"name":"Home","item":"https:\/\/www.caoscreativo.it\/de\/home-2025\/"},{"@type":"ListItem","position":2,"name":"Haben Sie schon einmal \u00fcber Tapeten f\u00fcr den Au\u00dfenbereich nachgedacht?"}]},{"@type":"WebSite","@id":"https:\/\/www.caoscreativo.it\/de\/#website","url":"https:\/\/www.caoscreativo.it\/de\/","name":"Caos Creativo","description":"Human design experience","potentialAction":[{"@type":"SearchAction","target":{"@type":"EntryPoint","urlTemplate":"https:\/\/www.caoscreativo.it\/de\/?s={search_term_string}"},"query-input":{"@type":"PropertyValueSpecification","valueRequired":true,"valueName":"search_term_string"}}],"inLanguage":"de"},{"@type":"Person","@id":"https:\/\/www.caoscreativo.it\/de\/#\/schema\/person\/316c1d379bca8bbe44ce7082f9927048","name":"admin-caos","image":{"@type":"ImageObject","inLanguage":"de","@id":"https:\/\/www.caoscreativo.it\/de\/#\/schema\/person\/image\/","url":"https:\/\/secure.gravatar.com\/avatar\/f47c3444a84bd213575598278418764a8adc3a860eb33e335db50542367a667c?s=96&d=mm&r=g","contentUrl":"https:\/\/secure.gravatar.com\/avatar\/f47c3444a84bd213575598278418764a8adc3a860eb33e335db50542367a667c?s=96&d=mm&r=g","caption":"admin-caos"},"sameAs":["https:\/\/www.caoscreativo.it"]}]}},"_links":{"self":[{"href":"https:\/\/www.caoscreativo.it\/de\/wp-json\/wp\/v2\/posts\/15259","targetHints":{"allow":["GET"]}}],"collection":[{"href":"https:\/\/www.caoscreativo.it\/de\/wp-json\/wp\/v2\/posts"}],"about":[{"href":"https:\/\/www.caoscreativo.it\/de\/wp-json\/wp\/v2\/types\/post"}],"author":[{"embeddable":true,"href":"https:\/\/www.caoscreativo.it\/de\/wp-json\/wp\/v2\/users\/1"}],"replies":[{"embeddable":true,"href":"https:\/\/www.caoscreativo.it\/de\/wp-json\/wp\/v2\/comments?post=15259"}],"version-history":[{"count":2,"href":"https:\/\/www.caoscreativo.it\/de\/wp-json\/wp\/v2\/posts\/15259\/revisions"}],"predecessor-version":[{"id":15666,"href":"https:\/\/www.caoscreativo.it\/de\/wp-json\/wp\/v2\/posts\/15259\/revisions\/15666"}],"wp:featuredmedia":[{"embeddable":true,"href":"https:\/\/www.caoscreativo.it\/de\/wp-json\/wp\/v2\/media\/15260"}],"wp:attachment":[{"href":"https:\/\/www.caoscreativo.it\/de\/wp-json\/wp\/v2\/media?parent=15259"}],"wp:term":[{"taxonomy":"category","embeddable":true,"href":"https:\/\/www.caoscreativo.it\/de\/wp-json\/wp\/v2\/categories?post=15259"},{"taxonomy":"post_tag","embeddable":true,"href":"https:\/\/www.caoscreativo.it\/de\/wp-json\/wp\/v2\/tags?post=15259"}],"curies":[{"name":"wp","href":"https:\/\/api.w.org\/{rel}","templated":true}]}}